{"id":337,"date":"2026-04-16T10:39:44","date_gmt":"2026-04-16T13:39:44","guid":{"rendered":"https:\/\/coopemater.com.br\/?p=337"},"modified":"2026-04-16T11:03:45","modified_gmt":"2026-04-16T14:03:45","slug":"prezados-cooperados","status":"publish","type":"post","link":"https:\/\/coopemater.com.br\/index.php\/2026\/04\/16\/prezados-cooperados\/","title":{"rendered":"ASSEMBLEIA GERAL ORDIN\u00c1RIA"},"content":{"rendered":"\t\t<div data-elementor-type=\"wp-post\" data-elementor-id=\"337\" class=\"elementor elementor-337\" data-elementor-post-type=\"post\">\n\t\t\t\t\t\t<section class=\"elementor-section elementor-top-section elementor-element elementor-element-2b79367c elementor-section-boxed elementor-section-height-default elementor-section-height-default\" data-id=\"2b79367c\" data-element_type=\"section\">\n\t\t\t\t\t\t<div class=\"elementor-container elementor-column-gap-default\">\n\t\t\t\t\t<div class=\"elementor-column elementor-col-100 elementor-top-column elementor-element elementor-element-733e79a\" data-id=\"733e79a\" data-element_type=\"column\">\n\t\t\t<div class=\"elementor-widget-wrap elementor-element-populated\">\n\t\t\t\t\t\t<div class=\"elementor-element elementor-element-4b27dbdb elementor-widget elementor-widget-text-editor\" data-id=\"4b27dbdb\" data-element_type=\"widget\" data-widget_type=\"text-editor.default\">\n\t\t\t\t<div class=\"elementor-widget-container\">\n\t\t\t<style>\/*! elementor - v3.21.0 - 15-04-2024 *\/\n.elementor-widget-text-editor.elementor-drop-cap-view-stacked .elementor-drop-cap{background-color:#69727d;color:#fff}.elementor-widget-text-editor.elementor-drop-cap-view-framed .elementor-drop-cap{color:#69727d;border:3px solid;background-color:transparent}.elementor-widget-text-editor:not(.elementor-drop-cap-view-default) .elementor-drop-cap{margin-top:8px}.elementor-widget-text-editor:not(.elementor-drop-cap-view-default) .elementor-drop-cap-letter{width:1em;height:1em}.elementor-widget-text-editor .elementor-drop-cap{float:left;text-align:center;line-height:1;font-size:50px}.elementor-widget-text-editor .elementor-drop-cap-letter{display:inline-block}<\/style>\t\t\t\t<!-- wp:group {\"layout\":{\"type\":\"flex\",\"flexWrap\":\"nowrap\"}} -->\n<div class=\"wp-block-group\"><!-- wp:paragraph -->\n<p><strong>EDITAL DE CONVOCA\u00c7\u00c3O ASSEMB\u00c7IA GERAL ORDIN\u00c1RIA 2026<\/strong><\/p>\n<!-- \/wp:paragraph --><!-- wp:paragraph -->\n<p><strong>REALIZA\u00c7\u00c3O DE FORMA DIGITAL<\/strong><\/p>\n<!-- \/wp:paragraph --><\/div>\n<!-- \/wp:group --><!-- wp:paragraph -->\n<p>A pedido do presidente da COOPERATIVA DE CR\u00c9DITO DOS FUNCION\u00c1RIOS DA PERPART, DO IPA E DA ADAGRO &#8211; COOPEMATER, convoca seus cooperados para participa\u00e7\u00e3o da Assembleia Geral Ordin\u00e1ria dessa entidade, marcada para o dia 28 de abril de 2026, de forma virtual. Seguem, tamb\u00e9m.<\/p>\n<!-- \/wp:paragraph --><!-- wp:paragraph -->\n<p>Para participar da Assembleia Geral Ordin\u00e1ria e Extraordin\u00e1ria Digital os associados interessados devem enviar documento de identifica\u00e7\u00e3o (RG e CPF, ou Carteira de Motorista) at\u00e9 o dia 27\/04\/2026 as 12:00hs, para o seguinte endere\u00e7o eletr\u00f4nico: coopemater@coopemater.com.br.<\/p>\n<!-- \/wp:paragraph --><!-- wp:gallery {\"linkTo\":\"none\"} -->\n<figure class=\"wp-block-gallery has-nested-images columns-default is-cropped\"><!-- wp:image {\"id\":339,\"sizeSlug\":\"large\",\"linkDestination\":\"none\"} -->\n<figure class=\"wp-block-image size-large\"><img fetchpriority=\"high\" decoding=\"async\" width=\"632\" height=\"899\" class=\"wp-image-339\" src=\"https:\/\/coopemater.com.br\/wp-content\/uploads\/2026\/04\/WhatsApp-Image-2026-04-16-at-10.37.52.jpeg\" alt=\"\" srcset=\"https:\/\/coopemater.com.br\/wp-content\/uploads\/2026\/04\/WhatsApp-Image-2026-04-16-at-10.37.52.jpeg 632w, https:\/\/coopemater.com.br\/wp-content\/uploads\/2026\/04\/WhatsApp-Image-2026-04-16-at-10.37.52-211x300.jpeg 211w\" sizes=\"(max-width: 632px) 100vw, 632px\" \/><\/figure>\n<!-- \/wp:image --><\/figure>\n<!-- \/wp:gallery --><!-- wp:paragraph -->\n<p>\u00a0<\/p>\n<!-- \/wp:paragraph -->\t\t\t\t\t\t<\/div>\n\t\t\t\t<\/div>\n\t\t\t\t\t<\/div>\n\t\t<\/div>\n\t\t\t\t\t<\/div>\n\t\t<\/section>\n\t\t\t\t<\/div>\n\t\t","protected":false},"excerpt":{"rendered":"<p>EDITAL DE CONVOCA\u00c7\u00c3O ASSEMB\u00c7IA GERAL ORDIN\u00c1RIA 2026 REALIZA\u00c7\u00c3O DE FORMA DIGITAL A pedido do presidente da COOPERATIVA DE CR\u00c9DITO DOS FUNCION\u00c1RIOS DA PERPART, DO IPA E DA ADAGRO &#8211; COOPEMATER, convoca seus cooperados para participa\u00e7\u00e3o da Assembleia Geral Ordin\u00e1ria dessa entidade, marcada para o dia 28 de abril de 2026, de forma virtual. Seguem, tamb\u00e9m.&hellip; <br \/> <a class=\"read-more\" href=\"https:\/\/coopemater.com.br\/index.php\/2026\/04\/16\/prezados-cooperados\/\">Leia mais<\/a><\/p>\n","protected":false},"author":1,"featured_media":339,"comment_status":"open","ping_status":"open","sticky":true,"template":"","format":"standard","meta":{"_eb_attr":"","footnotes":""},"categories":[1],"tags":[],"class_list":["post-337","post","type-post","status-publish","format-standard","has-post-thumbnail","hentry","category-blog"],"_links":{"self":[{"href":"https:\/\/coopemater.com.br\/index.php\/wp-json\/wp\/v2\/posts\/337","targetHints":{"allow":["GET"]}}],"collection":[{"href":"https:\/\/coopemater.com.br\/index.php\/wp-json\/wp\/v2\/posts"}],"about":[{"href":"https:\/\/coopemater.com.br\/index.php\/wp-json\/wp\/v2\/types\/post"}],"author":[{"embeddable":true,"href":"https:\/\/coopemater.com.br\/index.php\/wp-json\/wp\/v2\/users\/1"}],"replies":[{"embeddable":true,"href":"https:\/\/coopemater.com.br\/index.php\/wp-json\/wp\/v2\/comments?post=337"}],"version-history":[{"count":6,"href":"https:\/\/coopemater.com.br\/index.php\/wp-json\/wp\/v2\/posts\/337\/revisions"}],"predecessor-version":[{"id":352,"href":"https:\/\/coopemater.com.br\/index.php\/wp-json\/wp\/v2\/posts\/337\/revisions\/352"}],"wp:featuredmedia":[{"embeddable":true,"href":"https:\/\/coopemater.com.br\/index.php\/wp-json\/wp\/v2\/media\/339"}],"wp:attachment":[{"href":"https:\/\/coopemater.com.br\/index.php\/wp-json\/wp\/v2\/media?parent=337"}],"wp:term":[{"taxonomy":"category","embeddable":true,"href":"https:\/\/coopemater.com.br\/index.php\/wp-json\/wp\/v2\/categories?post=337"},{"taxonomy":"post_tag","embeddable":true,"href":"https:\/\/coopemater.com.br\/index.php\/wp-json\/wp\/v2\/tags?post=337"}],"curies":[{"name":"wp","href":"https:\/\/api.w.org\/{rel}","templated":true}]}}